{"id":26654,"date":"2014-12-04T19:36:23","date_gmt":"2014-12-04T18:36:23","guid":{"rendered":"https:\/\/www.crulamouroux.com\/?p=26654"},"modified":"2015-03-22T10:14:11","modified_gmt":"2015-03-22T09:14:11","slug":"puertas-abiertas-el-14-de-diciembre-2014","status":"publish","type":"post","link":"https:\/\/www.crulamouroux.com\/es\/puertas-abiertas-el-14-de-diciembre-2014\/","title":{"rendered":"Puertas Abiertas el 14 de diciembre 2014"},"content":{"rendered":"<p>[vc_column_text]El Cru Lamouroux abrir\u00e1 sus puertas el <strong>14 de diciembre, 2014<\/strong><\/p>\n<p>En esta ocasi\u00f3n, les proponemos catar todos nuestros vinos, as\u00ed como la venta de queso del Valle de Ossau, embutidos bearnesos, ostras de Breta\u00f1a y crepes.<\/p>\n<p>Los artesanos confiteros y chocolateros <strong>Verdier<\/strong> estar\u00e1n presentes para hacerles descubrir caramelos, dulces, bombones y otras golosinas.<\/p>\n<p>Descubrir\u00e1n tambi\u00e9n una venta de pasteles de caramelos, idea original para las fiestas de fin de a\u00f1o.<\/p>\n<p>Para almorzar, el especialista en comidas preparadas <strong>Salsamendi<\/strong> dar\u00e1 un aut\u00e9ntico fest\u00edn con su caldo de gallina en primer plato, su famosa <strong>\u201cpoule au pot\u201d<\/strong> (cocido de gallina) en plato principal y por fin queso de oveja y tarta de manzana (bajo reserva : 06.03.24.36.73, 18\u20ac por persona, caf\u00e9 incluido).<\/p>\n<p>Para el <strong>Telet\u00f3n<\/strong>, bautismos en Jeep (4&#215;4) en el vi\u00f1edo y los bosques est\u00e1n organizados por el asociaci\u00f3n <strong>Team Racing Sport<\/strong> as\u00ed como una venta dedicada del escritor <strong>Nicolas Gallais<\/strong> por sus obras \u00ab Trois morts, un bless\u00e9 grave \u00bb y \u00ab Des Espoirs\u2026Utopiques \u00bb.<\/p>\n<p><strong>\u00a1Os esperamos numerosos por un momento para compartir !<\/strong>[\/vc_column_text]<\/p>\n<p>[vc_column width=\u00bb1\/1&#8243;][vc_separator][\/vc_column][vc_row][vc_column width=\u00bb1\/4&#8243;][vc_single_image image=\u00bb26169&#8243; img_link_target=\u00bb_blank\u00bb img_size=\u00bbmedium\u00bb img_link=\u00bbhttp:\/\/bonbons-verdier.fr\/\u00bb][\/vc_column][vc_column width=\u00bb1\/4&#8243;][vc_single_image image=\u00bb26154&#8243; img_link_target=\u00bb_blank\u00bb img_size=\u00bbfull\u00bb img_link=\u00bbhttps:\/\/www.facebook.com\/?q=#\/pages\/Team-Racing-Sport\/130637907096168?ref=ts&amp;fref=ts\u00bb][\/vc_column][vc_column width=\u00bb1\/4&#8243;][vc_single_image image=\u00bb26157&#8243; img_link_target=\u00bb_blank\u00bb img_size=\u00bbmedium\u00bb img_link=\u00bbhttp:\/\/www.nicolasgallais.com\/\u00bb][\/vc_column][vc_column width=\u00bb1\/4&#8243;][vc_single_image image=\u00bb26160&#8243; img_link_target=\u00bb_blank\u00bb img_size=\u00bbfull\u00bb img_link=\u00bbhttps:\/\/www.facebook.com\/jacques.salsamendi?ref=ts&amp;fref=ts\u00bb][\/vc_column][\/vc_row]<\/p>\n","protected":false},"excerpt":{"rendered":"<p>[vc_column_text]El Cru Lamouroux abrir\u00e1 sus puertas el 14 de diciembre, 2014 En esta ocasi\u00f3n, les proponemos catar todos nuestros vinos, as\u00ed como la venta de queso del Valle de Ossau, embutidos bearnesos, ostras de Breta\u00f1a y crepes. Los artesanos confiteros y chocolateros Verdier estar\u00e1n presentes para hacerles descubrir caramelos, dulces, bombones y otras golosinas. Descubrir\u00e1n&hellip;<\/p>\n","protected":false},"author":2,"featured_media":26165,"comment_status":"closed","ping_status":"open","sticky":false,"template":"","format":"standard","meta":[],"categories":[6],"tags":[],"class_list":["post-26654","post","type-post","status-publish","format-standard","has-post-thumbnail","hentry","category-actualites-es","category-6","description-off"],"yoast_head":"<!-- This site is optimized with the Yoast SEO plugin v24.0 - https:\/\/yoast.com\/wordpress\/plugins\/seo\/ -->\n<title>Puertas Abiertas el 14 de diciembre 2014 - Cru Lamouroux<\/title>\n<meta name=\"robots\" content=\"index, follow, max-snippet:-1, max-image-preview:large, max-video-preview:-1\" \/>\n<link rel=\"canonical\" href=\"https:\/\/www.crulamouroux.com\/es\/puertas-abiertas-el-14-de-diciembre-2014\/\" \/>\n<meta property=\"og:locale\" content=\"es_ES\" \/>\n<meta property=\"og:type\" content=\"article\" \/>\n<meta property=\"og:title\" content=\"Puertas Abiertas el 14 de diciembre 2014 - Cru Lamouroux\" \/>\n<meta property=\"og:description\" content=\"[vc_column_text]El Cru Lamouroux abrir\u00e1 sus puertas el 14 de diciembre, 2014 En esta ocasi\u00f3n, les proponemos catar todos nuestros vinos, as\u00ed como la venta de queso del Valle de Ossau, embutidos bearnesos, ostras de Breta\u00f1a y crepes. Los artesanos confiteros y chocolateros Verdier estar\u00e1n presentes para hacerles descubrir caramelos, dulces, bombones y otras golosinas. Descubrir\u00e1n&hellip;\" \/>\n<meta property=\"og:url\" content=\"https:\/\/www.crulamouroux.com\/es\/puertas-abiertas-el-14-de-diciembre-2014\/\" \/>\n<meta property=\"og:site_name\" content=\"Cru Lamouroux\" \/>\n<meta property=\"article:publisher\" content=\"https:\/\/www.facebook.com\/jurancon.crulamouroux\" \/>\n<meta property=\"article:published_time\" content=\"2014-12-04T18:36:23+00:00\" \/>\n<meta property=\"article:modified_time\" content=\"2015-03-22T09:14:11+00:00\" \/>\n<meta property=\"og:image\" content=\"https:\/\/www.crulamouroux.com\/wp-content\/uploads\/2014\/12\/Copie-de-FLYER-portes-ouvertes-2014-site.jpg\" \/>\n\t<meta property=\"og:image:width\" content=\"1181\" \/>\n\t<meta property=\"og:image:height\" content=\"1240\" \/>\n\t<meta property=\"og:image:type\" content=\"image\/jpeg\" \/>\n<meta name=\"author\" content=\"ziemek pierreyves\" \/>\n<meta name=\"twitter:card\" content=\"summary_large_image\" \/>\n<meta name=\"twitter:creator\" content=\"@CruLamouroux\" \/>\n<meta name=\"twitter:site\" content=\"@CruLamouroux\" \/>\n<meta name=\"twitter:label1\" content=\"Escrito por\" \/>\n\t<meta name=\"twitter:data1\" content=\"ziemek pierreyves\" \/>\n\t<meta name=\"twitter:label2\" content=\"Tiempo de lectura\" \/>\n\t<meta name=\"twitter:data2\" content=\"1 minuto\" \/>\n<script type=\"application\/ld+json\" class=\"yoast-schema-graph\">{\"@context\":\"https:\/\/schema.org\",\"@graph\":[{\"@type\":\"WebPage\",\"@id\":\"https:\/\/www.crulamouroux.com\/es\/puertas-abiertas-el-14-de-diciembre-2014\/\",\"url\":\"https:\/\/www.crulamouroux.com\/es\/puertas-abiertas-el-14-de-diciembre-2014\/\",\"name\":\"Puertas Abiertas el 14 de diciembre 2014 - Cru Lamouroux\",\"isPartOf\":{\"@id\":\"https:\/\/www.crulamouroux.com\/#website\"},\"primaryImageOfPage\":{\"@id\":\"https:\/\/www.crulamouroux.com\/es\/puertas-abiertas-el-14-de-diciembre-2014\/#primaryimage\"},\"image\":{\"@id\":\"https:\/\/www.crulamouroux.com\/es\/puertas-abiertas-el-14-de-diciembre-2014\/#primaryimage\"},\"thumbnailUrl\":\"https:\/\/www.crulamouroux.com\/wp-content\/uploads\/2014\/12\/Copie-de-FLYER-portes-ouvertes-2014-site.jpg\",\"datePublished\":\"2014-12-04T18:36:23+00:00\",\"dateModified\":\"2015-03-22T09:14:11+00:00\",\"author\":{\"@id\":\"https:\/\/www.crulamouroux.com\/#\/schema\/person\/13bbc4ed8b14a48bcc5fb030129c42d7\"},\"breadcrumb\":{\"@id\":\"https:\/\/www.crulamouroux.com\/es\/puertas-abiertas-el-14-de-diciembre-2014\/#breadcrumb\"},\"inLanguage\":\"es\",\"potentialAction\":[{\"@type\":\"ReadAction\",\"target\":[\"https:\/\/www.crulamouroux.com\/es\/puertas-abiertas-el-14-de-diciembre-2014\/\"]}]},{\"@type\":\"ImageObject\",\"inLanguage\":\"es\",\"@id\":\"https:\/\/www.crulamouroux.com\/es\/puertas-abiertas-el-14-de-diciembre-2014\/#primaryimage\",\"url\":\"https:\/\/www.crulamouroux.com\/wp-content\/uploads\/2014\/12\/Copie-de-FLYER-portes-ouvertes-2014-site.jpg\",\"contentUrl\":\"https:\/\/www.crulamouroux.com\/wp-content\/uploads\/2014\/12\/Copie-de-FLYER-portes-ouvertes-2014-site.jpg\",\"width\":1181,\"height\":1240},{\"@type\":\"BreadcrumbList\",\"@id\":\"https:\/\/www.crulamouroux.com\/es\/puertas-abiertas-el-14-de-diciembre-2014\/#breadcrumb\",\"itemListElement\":[{\"@type\":\"ListItem\",\"position\":1,\"name\":\"Accueil\",\"item\":\"https:\/\/www.crulamouroux.com\/es\/\"},{\"@type\":\"ListItem\",\"position\":2,\"name\":\"Puertas Abiertas el 14 de diciembre 2014\"}]},{\"@type\":\"WebSite\",\"@id\":\"https:\/\/www.crulamouroux.com\/#website\",\"url\":\"https:\/\/www.crulamouroux.com\/\",\"name\":\"Cru Lamouroux\",\"description\":\"Appellation Juran\u00e7on Contr\u00f4l\u00e9e\",\"potentialAction\":[{\"@type\":\"SearchAction\",\"target\":{\"@type\":\"EntryPoint\",\"urlTemplate\":\"https:\/\/www.crulamouroux.com\/?s={search_term_string}\"},\"query-input\":{\"@type\":\"PropertyValueSpecification\",\"valueRequired\":true,\"valueName\":\"search_term_string\"}}],\"inLanguage\":\"es\"},{\"@type\":\"Person\",\"@id\":\"https:\/\/www.crulamouroux.com\/#\/schema\/person\/13bbc4ed8b14a48bcc5fb030129c42d7\",\"name\":\"ziemek pierreyves\",\"image\":{\"@type\":\"ImageObject\",\"inLanguage\":\"es\",\"@id\":\"https:\/\/www.crulamouroux.com\/#\/schema\/person\/image\/\",\"url\":\"https:\/\/secure.gravatar.com\/avatar\/d418faa4056c25da1a8fb3688900cbbeea7b1c42336f51f71d161b8fb35bb9ff?s=96&d=mm&r=g\",\"contentUrl\":\"https:\/\/secure.gravatar.com\/avatar\/d418faa4056c25da1a8fb3688900cbbeea7b1c42336f51f71d161b8fb35bb9ff?s=96&d=mm&r=g\",\"caption\":\"ziemek pierreyves\"},\"url\":\"https:\/\/www.crulamouroux.com\/es\/author\/pyzlamouroux-fr\/\"}]}<\/script>\n<!-- \/ Yoast SEO plugin. -->","yoast_head_json":{"title":"Puertas Abiertas el 14 de diciembre 2014 - Cru Lamouroux","robots":{"index":"index","follow":"follow","max-snippet":"max-snippet:-1","max-image-preview":"max-image-preview:large","max-video-preview":"max-video-preview:-1"},"canonical":"https:\/\/www.crulamouroux.com\/es\/puertas-abiertas-el-14-de-diciembre-2014\/","og_locale":"es_ES","og_type":"article","og_title":"Puertas Abiertas el 14 de diciembre 2014 - Cru Lamouroux","og_description":"[vc_column_text]El Cru Lamouroux abrir\u00e1 sus puertas el 14 de diciembre, 2014 En esta ocasi\u00f3n, les proponemos catar todos nuestros vinos, as\u00ed como la venta de queso del Valle de Ossau, embutidos bearnesos, ostras de Breta\u00f1a y crepes. Los artesanos confiteros y chocolateros Verdier estar\u00e1n presentes para hacerles descubrir caramelos, dulces, bombones y otras golosinas. Descubrir\u00e1n&hellip;","og_url":"https:\/\/www.crulamouroux.com\/es\/puertas-abiertas-el-14-de-diciembre-2014\/","og_site_name":"Cru Lamouroux","article_publisher":"https:\/\/www.facebook.com\/jurancon.crulamouroux","article_published_time":"2014-12-04T18:36:23+00:00","article_modified_time":"2015-03-22T09:14:11+00:00","og_image":[{"width":1181,"height":1240,"url":"https:\/\/www.crulamouroux.com\/wp-content\/uploads\/2014\/12\/Copie-de-FLYER-portes-ouvertes-2014-site.jpg","type":"image\/jpeg"}],"author":"ziemek pierreyves","twitter_card":"summary_large_image","twitter_creator":"@CruLamouroux","twitter_site":"@CruLamouroux","twitter_misc":{"Escrito por":"ziemek pierreyves","Tiempo de lectura":"1 minuto"},"schema":{"@context":"https:\/\/schema.org","@graph":[{"@type":"WebPage","@id":"https:\/\/www.crulamouroux.com\/es\/puertas-abiertas-el-14-de-diciembre-2014\/","url":"https:\/\/www.crulamouroux.com\/es\/puertas-abiertas-el-14-de-diciembre-2014\/","name":"Puertas Abiertas el 14 de diciembre 2014 - Cru Lamouroux","isPartOf":{"@id":"https:\/\/www.crulamouroux.com\/#website"},"primaryImageOfPage":{"@id":"https:\/\/www.crulamouroux.com\/es\/puertas-abiertas-el-14-de-diciembre-2014\/#primaryimage"},"image":{"@id":"https:\/\/www.crulamouroux.com\/es\/puertas-abiertas-el-14-de-diciembre-2014\/#primaryimage"},"thumbnailUrl":"https:\/\/www.crulamouroux.com\/wp-content\/uploads\/2014\/12\/Copie-de-FLYER-portes-ouvertes-2014-site.jpg","datePublished":"2014-12-04T18:36:23+00:00","dateModified":"2015-03-22T09:14:11+00:00","author":{"@id":"https:\/\/www.crulamouroux.com\/#\/schema\/person\/13bbc4ed8b14a48bcc5fb030129c42d7"},"breadcrumb":{"@id":"https:\/\/www.crulamouroux.com\/es\/puertas-abiertas-el-14-de-diciembre-2014\/#breadcrumb"},"inLanguage":"es","potentialAction":[{"@type":"ReadAction","target":["https:\/\/www.crulamouroux.com\/es\/puertas-abiertas-el-14-de-diciembre-2014\/"]}]},{"@type":"ImageObject","inLanguage":"es","@id":"https:\/\/www.crulamouroux.com\/es\/puertas-abiertas-el-14-de-diciembre-2014\/#primaryimage","url":"https:\/\/www.crulamouroux.com\/wp-content\/uploads\/2014\/12\/Copie-de-FLYER-portes-ouvertes-2014-site.jpg","contentUrl":"https:\/\/www.crulamouroux.com\/wp-content\/uploads\/2014\/12\/Copie-de-FLYER-portes-ouvertes-2014-site.jpg","width":1181,"height":1240},{"@type":"BreadcrumbList","@id":"https:\/\/www.crulamouroux.com\/es\/puertas-abiertas-el-14-de-diciembre-2014\/#breadcrumb","itemListElement":[{"@type":"ListItem","position":1,"name":"Accueil","item":"https:\/\/www.crulamouroux.com\/es\/"},{"@type":"ListItem","position":2,"name":"Puertas Abiertas el 14 de diciembre 2014"}]},{"@type":"WebSite","@id":"https:\/\/www.crulamouroux.com\/#website","url":"https:\/\/www.crulamouroux.com\/","name":"Cru Lamouroux","description":"Appellation Juran\u00e7on Contr\u00f4l\u00e9e","potentialAction":[{"@type":"SearchAction","target":{"@type":"EntryPoint","urlTemplate":"https:\/\/www.crulamouroux.com\/?s={search_term_string}"},"query-input":{"@type":"PropertyValueSpecification","valueRequired":true,"valueName":"search_term_string"}}],"inLanguage":"es"},{"@type":"Person","@id":"https:\/\/www.crulamouroux.com\/#\/schema\/person\/13bbc4ed8b14a48bcc5fb030129c42d7","name":"ziemek pierreyves","image":{"@type":"ImageObject","inLanguage":"es","@id":"https:\/\/www.crulamouroux.com\/#\/schema\/person\/image\/","url":"https:\/\/secure.gravatar.com\/avatar\/d418faa4056c25da1a8fb3688900cbbeea7b1c42336f51f71d161b8fb35bb9ff?s=96&d=mm&r=g","contentUrl":"https:\/\/secure.gravatar.com\/avatar\/d418faa4056c25da1a8fb3688900cbbeea7b1c42336f51f71d161b8fb35bb9ff?s=96&d=mm&r=g","caption":"ziemek pierreyves"},"url":"https:\/\/www.crulamouroux.com\/es\/author\/pyzlamouroux-fr\/"}]}},"_links":{"self":[{"href":"https:\/\/www.crulamouroux.com\/es\/wp-json\/wp\/v2\/posts\/26654","targetHints":{"allow":["GET"]}}],"collection":[{"href":"https:\/\/www.crulamouroux.com\/es\/wp-json\/wp\/v2\/posts"}],"about":[{"href":"https:\/\/www.crulamouroux.com\/es\/wp-json\/wp\/v2\/types\/post"}],"author":[{"embeddable":true,"href":"https:\/\/www.crulamouroux.com\/es\/wp-json\/wp\/v2\/users\/2"}],"replies":[{"embeddable":true,"href":"https:\/\/www.crulamouroux.com\/es\/wp-json\/wp\/v2\/comments?post=26654"}],"version-history":[{"count":7,"href":"https:\/\/www.crulamouroux.com\/es\/wp-json\/wp\/v2\/posts\/26654\/revisions"}],"predecessor-version":[{"id":26661,"href":"https:\/\/www.crulamouroux.com\/es\/wp-json\/wp\/v2\/posts\/26654\/revisions\/26661"}],"wp:featuredmedia":[{"embeddable":true,"href":"https:\/\/www.crulamouroux.com\/es\/wp-json\/wp\/v2\/media\/26165"}],"wp:attachment":[{"href":"https:\/\/www.crulamouroux.com\/es\/wp-json\/wp\/v2\/media?parent=26654"}],"wp:term":[{"taxonomy":"category","embeddable":true,"href":"https:\/\/www.crulamouroux.com\/es\/wp-json\/wp\/v2\/categories?post=26654"},{"taxonomy":"post_tag","embeddable":true,"href":"https:\/\/www.crulamouroux.com\/es\/wp-json\/wp\/v2\/tags?post=26654"}],"curies":[{"name":"wp","href":"https:\/\/api.w.org\/{rel}","templated":true}]}}