{"id":26526,"date":"2014-10-01T10:41:41","date_gmt":"2014-10-01T09:41:41","guid":{"rendered":"https:\/\/www.crulamouroux.com\/?p=26526"},"modified":"2015-03-11T11:33:11","modified_gmt":"2015-03-11T10:33:11","slug":"en-mai-2015-le-cru-lamouroux-fetera-ses-120-ans","status":"publish","type":"post","link":"https:\/\/www.crulamouroux.com\/es\/en-mai-2015-le-cru-lamouroux-fetera-ses-120-ans\/","title":{"rendered":"\u00a1En 2015, el Cru Lamouroux celebrar\u00e1 sus 120 a\u00f1os!"},"content":{"rendered":"<p>[vc_column_text]\u00a1Dominio familiar desde el a\u00f1o 1895, vi\u00f1adores desde hace cinco generaciones, 2015 es el a\u00f1o de los 120 a\u00f1os del Cru Lamouroux !<\/p>\n<p>\u00a1Para celebrar este cumplea\u00f1os, tenemos el gusto de reservarle una sorpresa que descubrir\u00e1 durante el mes de mayo de 2015![\/vc_column_text]<\/p>\n","protected":false},"excerpt":{"rendered":"<p>[vc_column_text]\u00a1Dominio familiar desde el a\u00f1o 1895, vi\u00f1adores desde hace cinco generaciones, 2015 es el a\u00f1o de los 120 a\u00f1os del Cru Lamouroux ! \u00a1Para celebrar este cumplea\u00f1os, tenemos el gusto de reservarle una sorpresa que descubrir\u00e1 durante el mes de mayo de 2015![\/vc_column_text]<\/p>\n","protected":false},"author":2,"featured_media":553,"comment_status":"closed","ping_status":"open","sticky":false,"template":"","format":"standard","meta":[],"categories":[6],"tags":[],"class_list":["post-26526","post","type-post","status-publish","format-standard","has-post-thumbnail","hentry","category-actualites-es","category-6","description-off"],"yoast_head":"<!-- This site is optimized with the Yoast SEO plugin v24.0 - https:\/\/yoast.com\/wordpress\/plugins\/seo\/ -->\n<title>\u00a1En 2015, el Cru Lamouroux celebrar\u00e1 sus 120 a\u00f1os! - Cru Lamouroux<\/title>\n<meta name=\"robots\" content=\"index, follow, max-snippet:-1, max-image-preview:large, max-video-preview:-1\" \/>\n<link rel=\"canonical\" href=\"https:\/\/www.crulamouroux.com\/es\/en-mai-2015-le-cru-lamouroux-fetera-ses-120-ans\/\" \/>\n<meta property=\"og:locale\" content=\"es_ES\" \/>\n<meta property=\"og:type\" content=\"article\" \/>\n<meta property=\"og:title\" content=\"\u00a1En 2015, el Cru Lamouroux celebrar\u00e1 sus 120 a\u00f1os! - Cru Lamouroux\" \/>\n<meta property=\"og:description\" content=\"[vc_column_text]\u00a1Dominio familiar desde el a\u00f1o 1895, vi\u00f1adores desde hace cinco generaciones, 2015 es el a\u00f1o de los 120 a\u00f1os del Cru Lamouroux ! \u00a1Para celebrar este cumplea\u00f1os, tenemos el gusto de reservarle una sorpresa que descubrir\u00e1 durante el mes de mayo de 2015![\/vc_column_text]\" \/>\n<meta property=\"og:url\" content=\"https:\/\/www.crulamouroux.com\/es\/en-mai-2015-le-cru-lamouroux-fetera-ses-120-ans\/\" \/>\n<meta property=\"og:site_name\" content=\"Cru Lamouroux\" \/>\n<meta property=\"article:publisher\" content=\"https:\/\/www.facebook.com\/jurancon.crulamouroux\" \/>\n<meta property=\"article:published_time\" content=\"2014-10-01T09:41:41+00:00\" \/>\n<meta property=\"article:modified_time\" content=\"2015-03-11T10:33:11+00:00\" \/>\n<meta property=\"og:image\" content=\"https:\/\/www.crulamouroux.com\/wp-content\/uploads\/2014\/08\/verre21-scaled.jpg\" \/>\n\t<meta property=\"og:image:width\" content=\"2560\" \/>\n\t<meta property=\"og:image:height\" content=\"1920\" \/>\n\t<meta property=\"og:image:type\" content=\"image\/jpeg\" \/>\n<meta name=\"author\" content=\"ziemek pierreyves\" \/>\n<meta name=\"twitter:card\" content=\"summary_large_image\" \/>\n<meta name=\"twitter:creator\" content=\"@CruLamouroux\" \/>\n<meta name=\"twitter:site\" content=\"@CruLamouroux\" \/>\n<meta name=\"twitter:label1\" content=\"Escrito por\" \/>\n\t<meta name=\"twitter:data1\" content=\"ziemek pierreyves\" \/>\n<script type=\"application\/ld+json\" class=\"yoast-schema-graph\">{\"@context\":\"https:\/\/schema.org\",\"@graph\":[{\"@type\":\"WebPage\",\"@id\":\"https:\/\/www.crulamouroux.com\/es\/en-mai-2015-le-cru-lamouroux-fetera-ses-120-ans\/\",\"url\":\"https:\/\/www.crulamouroux.com\/es\/en-mai-2015-le-cru-lamouroux-fetera-ses-120-ans\/\",\"name\":\"\u00a1En 2015, el Cru Lamouroux celebrar\u00e1 sus 120 a\u00f1os! - Cru Lamouroux\",\"isPartOf\":{\"@id\":\"https:\/\/www.crulamouroux.com\/#website\"},\"primaryImageOfPage\":{\"@id\":\"https:\/\/www.crulamouroux.com\/es\/en-mai-2015-le-cru-lamouroux-fetera-ses-120-ans\/#primaryimage\"},\"image\":{\"@id\":\"https:\/\/www.crulamouroux.com\/es\/en-mai-2015-le-cru-lamouroux-fetera-ses-120-ans\/#primaryimage\"},\"thumbnailUrl\":\"https:\/\/www.crulamouroux.com\/wp-content\/uploads\/2014\/08\/verre21-scaled.jpg\",\"datePublished\":\"2014-10-01T09:41:41+00:00\",\"dateModified\":\"2015-03-11T10:33:11+00:00\",\"author\":{\"@id\":\"https:\/\/www.crulamouroux.com\/#\/schema\/person\/13bbc4ed8b14a48bcc5fb030129c42d7\"},\"breadcrumb\":{\"@id\":\"https:\/\/www.crulamouroux.com\/es\/en-mai-2015-le-cru-lamouroux-fetera-ses-120-ans\/#breadcrumb\"},\"inLanguage\":\"es\",\"potentialAction\":[{\"@type\":\"ReadAction\",\"target\":[\"https:\/\/www.crulamouroux.com\/es\/en-mai-2015-le-cru-lamouroux-fetera-ses-120-ans\/\"]}]},{\"@type\":\"ImageObject\",\"inLanguage\":\"es\",\"@id\":\"https:\/\/www.crulamouroux.com\/es\/en-mai-2015-le-cru-lamouroux-fetera-ses-120-ans\/#primaryimage\",\"url\":\"https:\/\/www.crulamouroux.com\/wp-content\/uploads\/2014\/08\/verre21-scaled.jpg\",\"contentUrl\":\"https:\/\/www.crulamouroux.com\/wp-content\/uploads\/2014\/08\/verre21-scaled.jpg\",\"width\":2560,\"height\":1920,\"caption\":\"Un vaso lleno de sol - Cru Lamouroux - Juran\u00e7on\"},{\"@type\":\"BreadcrumbList\",\"@id\":\"https:\/\/www.crulamouroux.com\/es\/en-mai-2015-le-cru-lamouroux-fetera-ses-120-ans\/#breadcrumb\",\"itemListElement\":[{\"@type\":\"ListItem\",\"position\":1,\"name\":\"Accueil\",\"item\":\"https:\/\/www.crulamouroux.com\/es\/\"},{\"@type\":\"ListItem\",\"position\":2,\"name\":\"\u00a1En 2015, el Cru Lamouroux celebrar\u00e1 sus 120 a\u00f1os!\"}]},{\"@type\":\"WebSite\",\"@id\":\"https:\/\/www.crulamouroux.com\/#website\",\"url\":\"https:\/\/www.crulamouroux.com\/\",\"name\":\"Cru Lamouroux\",\"description\":\"Appellation Juran\u00e7on Contr\u00f4l\u00e9e\",\"potentialAction\":[{\"@type\":\"SearchAction\",\"target\":{\"@type\":\"EntryPoint\",\"urlTemplate\":\"https:\/\/www.crulamouroux.com\/?s={search_term_string}\"},\"query-input\":{\"@type\":\"PropertyValueSpecification\",\"valueRequired\":true,\"valueName\":\"search_term_string\"}}],\"inLanguage\":\"es\"},{\"@type\":\"Person\",\"@id\":\"https:\/\/www.crulamouroux.com\/#\/schema\/person\/13bbc4ed8b14a48bcc5fb030129c42d7\",\"name\":\"ziemek pierreyves\",\"image\":{\"@type\":\"ImageObject\",\"inLanguage\":\"es\",\"@id\":\"https:\/\/www.crulamouroux.com\/#\/schema\/person\/image\/\",\"url\":\"https:\/\/secure.gravatar.com\/avatar\/d418faa4056c25da1a8fb3688900cbbeea7b1c42336f51f71d161b8fb35bb9ff?s=96&d=mm&r=g\",\"contentUrl\":\"https:\/\/secure.gravatar.com\/avatar\/d418faa4056c25da1a8fb3688900cbbeea7b1c42336f51f71d161b8fb35bb9ff?s=96&d=mm&r=g\",\"caption\":\"ziemek pierreyves\"},\"url\":\"https:\/\/www.crulamouroux.com\/es\/author\/pyzlamouroux-fr\/\"}]}<\/script>\n<!-- \/ Yoast SEO plugin. -->","yoast_head_json":{"title":"\u00a1En 2015, el Cru Lamouroux celebrar\u00e1 sus 120 a\u00f1os! - Cru Lamouroux","robots":{"index":"index","follow":"follow","max-snippet":"max-snippet:-1","max-image-preview":"max-image-preview:large","max-video-preview":"max-video-preview:-1"},"canonical":"https:\/\/www.crulamouroux.com\/es\/en-mai-2015-le-cru-lamouroux-fetera-ses-120-ans\/","og_locale":"es_ES","og_type":"article","og_title":"\u00a1En 2015, el Cru Lamouroux celebrar\u00e1 sus 120 a\u00f1os! - Cru Lamouroux","og_description":"[vc_column_text]\u00a1Dominio familiar desde el a\u00f1o 1895, vi\u00f1adores desde hace cinco generaciones, 2015 es el a\u00f1o de los 120 a\u00f1os del Cru Lamouroux ! \u00a1Para celebrar este cumplea\u00f1os, tenemos el gusto de reservarle una sorpresa que descubrir\u00e1 durante el mes de mayo de 2015![\/vc_column_text]","og_url":"https:\/\/www.crulamouroux.com\/es\/en-mai-2015-le-cru-lamouroux-fetera-ses-120-ans\/","og_site_name":"Cru Lamouroux","article_publisher":"https:\/\/www.facebook.com\/jurancon.crulamouroux","article_published_time":"2014-10-01T09:41:41+00:00","article_modified_time":"2015-03-11T10:33:11+00:00","og_image":[{"width":2560,"height":1920,"url":"https:\/\/www.crulamouroux.com\/wp-content\/uploads\/2014\/08\/verre21-scaled.jpg","type":"image\/jpeg"}],"author":"ziemek pierreyves","twitter_card":"summary_large_image","twitter_creator":"@CruLamouroux","twitter_site":"@CruLamouroux","twitter_misc":{"Escrito por":"ziemek pierreyves"},"schema":{"@context":"https:\/\/schema.org","@graph":[{"@type":"WebPage","@id":"https:\/\/www.crulamouroux.com\/es\/en-mai-2015-le-cru-lamouroux-fetera-ses-120-ans\/","url":"https:\/\/www.crulamouroux.com\/es\/en-mai-2015-le-cru-lamouroux-fetera-ses-120-ans\/","name":"\u00a1En 2015, el Cru Lamouroux celebrar\u00e1 sus 120 a\u00f1os! - Cru Lamouroux","isPartOf":{"@id":"https:\/\/www.crulamouroux.com\/#website"},"primaryImageOfPage":{"@id":"https:\/\/www.crulamouroux.com\/es\/en-mai-2015-le-cru-lamouroux-fetera-ses-120-ans\/#primaryimage"},"image":{"@id":"https:\/\/www.crulamouroux.com\/es\/en-mai-2015-le-cru-lamouroux-fetera-ses-120-ans\/#primaryimage"},"thumbnailUrl":"https:\/\/www.crulamouroux.com\/wp-content\/uploads\/2014\/08\/verre21-scaled.jpg","datePublished":"2014-10-01T09:41:41+00:00","dateModified":"2015-03-11T10:33:11+00:00","author":{"@id":"https:\/\/www.crulamouroux.com\/#\/schema\/person\/13bbc4ed8b14a48bcc5fb030129c42d7"},"breadcrumb":{"@id":"https:\/\/www.crulamouroux.com\/es\/en-mai-2015-le-cru-lamouroux-fetera-ses-120-ans\/#breadcrumb"},"inLanguage":"es","potentialAction":[{"@type":"ReadAction","target":["https:\/\/www.crulamouroux.com\/es\/en-mai-2015-le-cru-lamouroux-fetera-ses-120-ans\/"]}]},{"@type":"ImageObject","inLanguage":"es","@id":"https:\/\/www.crulamouroux.com\/es\/en-mai-2015-le-cru-lamouroux-fetera-ses-120-ans\/#primaryimage","url":"https:\/\/www.crulamouroux.com\/wp-content\/uploads\/2014\/08\/verre21-scaled.jpg","contentUrl":"https:\/\/www.crulamouroux.com\/wp-content\/uploads\/2014\/08\/verre21-scaled.jpg","width":2560,"height":1920,"caption":"Un vaso lleno de sol - Cru Lamouroux - Juran\u00e7on"},{"@type":"BreadcrumbList","@id":"https:\/\/www.crulamouroux.com\/es\/en-mai-2015-le-cru-lamouroux-fetera-ses-120-ans\/#breadcrumb","itemListElement":[{"@type":"ListItem","position":1,"name":"Accueil","item":"https:\/\/www.crulamouroux.com\/es\/"},{"@type":"ListItem","position":2,"name":"\u00a1En 2015, el Cru Lamouroux celebrar\u00e1 sus 120 a\u00f1os!"}]},{"@type":"WebSite","@id":"https:\/\/www.crulamouroux.com\/#website","url":"https:\/\/www.crulamouroux.com\/","name":"Cru Lamouroux","description":"Appellation Juran\u00e7on Contr\u00f4l\u00e9e","potentialAction":[{"@type":"SearchAction","target":{"@type":"EntryPoint","urlTemplate":"https:\/\/www.crulamouroux.com\/?s={search_term_string}"},"query-input":{"@type":"PropertyValueSpecification","valueRequired":true,"valueName":"search_term_string"}}],"inLanguage":"es"},{"@type":"Person","@id":"https:\/\/www.crulamouroux.com\/#\/schema\/person\/13bbc4ed8b14a48bcc5fb030129c42d7","name":"ziemek pierreyves","image":{"@type":"ImageObject","inLanguage":"es","@id":"https:\/\/www.crulamouroux.com\/#\/schema\/person\/image\/","url":"https:\/\/secure.gravatar.com\/avatar\/d418faa4056c25da1a8fb3688900cbbeea7b1c42336f51f71d161b8fb35bb9ff?s=96&d=mm&r=g","contentUrl":"https:\/\/secure.gravatar.com\/avatar\/d418faa4056c25da1a8fb3688900cbbeea7b1c42336f51f71d161b8fb35bb9ff?s=96&d=mm&r=g","caption":"ziemek pierreyves"},"url":"https:\/\/www.crulamouroux.com\/es\/author\/pyzlamouroux-fr\/"}]}},"_links":{"self":[{"href":"https:\/\/www.crulamouroux.com\/es\/wp-json\/wp\/v2\/posts\/26526","targetHints":{"allow":["GET"]}}],"collection":[{"href":"https:\/\/www.crulamouroux.com\/es\/wp-json\/wp\/v2\/posts"}],"about":[{"href":"https:\/\/www.crulamouroux.com\/es\/wp-json\/wp\/v2\/types\/post"}],"author":[{"embeddable":true,"href":"https:\/\/www.crulamouroux.com\/es\/wp-json\/wp\/v2\/users\/2"}],"replies":[{"embeddable":true,"href":"https:\/\/www.crulamouroux.com\/es\/wp-json\/wp\/v2\/comments?post=26526"}],"version-history":[{"count":5,"href":"https:\/\/www.crulamouroux.com\/es\/wp-json\/wp\/v2\/posts\/26526\/revisions"}],"predecessor-version":[{"id":26531,"href":"https:\/\/www.crulamouroux.com\/es\/wp-json\/wp\/v2\/posts\/26526\/revisions\/26531"}],"wp:featuredmedia":[{"embeddable":true,"href":"https:\/\/www.crulamouroux.com\/es\/wp-json\/wp\/v2\/media\/553"}],"wp:attachment":[{"href":"https:\/\/www.crulamouroux.com\/es\/wp-json\/wp\/v2\/media?parent=26526"}],"wp:term":[{"taxonomy":"category","embeddable":true,"href":"https:\/\/www.crulamouroux.com\/es\/wp-json\/wp\/v2\/categories?post=26526"},{"taxonomy":"post_tag","embeddable":true,"href":"https:\/\/www.crulamouroux.com\/es\/wp-json\/wp\/v2\/tags?post=26526"}],"curies":[{"name":"wp","href":"https:\/\/api.w.org\/{rel}","templated":true}]}}