{"id":26519,"date":"2014-09-20T17:52:08","date_gmt":"2014-09-20T16:52:08","guid":{"rendered":"https:\/\/www.crulamouroux.com\/?p=26519"},"modified":"2015-03-11T11:34:12","modified_gmt":"2015-03-11T10:34:12","slug":"des-nouvelles-de-cru-lamouroux","status":"publish","type":"post","link":"https:\/\/www.crulamouroux.com\/es\/des-nouvelles-de-cru-lamouroux\/","title":{"rendered":"La cosecha de 2013 del Cru Lamouroux"},"content":{"rendered":"<p>[vc_column_text]En los a\u00f1os \u201cnormales\u201d, las uvas para la elaboraci\u00f3n del <strong>Juran\u00e7on Seco<\/strong>, son cosechadas en plena madurez, alrededor del 30 de octubre; mientras que las vendimias para el <strong>Juran\u00e7on Dulce<\/strong>, empezan despu\u00e9s del 15 de noviembre, y a veces se acaban por las Navidades.<\/p>\n<p><strong>En 2013<\/strong>, despu\u00e9s de una primavera fr\u00eda y lluviosa, la totalidad de la cosecha se vendimi\u00f3 a mediados de noviembre. La baja concentraci\u00f3n en az\u00facar de las uvas que resultaban de la vendimia de 2013 no permiti\u00f3 la realizaci\u00f3n de vinos dulces de buena calidad. Por lo tanto, la cosecha entera de 2013 fue destinada a la producci\u00f3n de nuestro <strong>Juran\u00e7on Seco<\/strong>.[\/vc_column_text]<\/p>\n","protected":false},"excerpt":{"rendered":"<p>[vc_column_text]En los a\u00f1os \u201cnormales\u201d, las uvas para la elaboraci\u00f3n del Juran\u00e7on Seco, son cosechadas en plena madurez, alrededor del 30 de octubre; mientras que las vendimias para el Juran\u00e7on Dulce, empezan despu\u00e9s del 15 de noviembre, y a veces se acaban por las Navidades. En 2013, despu\u00e9s de una primavera fr\u00eda y lluviosa, la totalidad&hellip;<\/p>\n","protected":false},"author":2,"featured_media":96,"comment_status":"closed","ping_status":"open","sticky":false,"template":"","format":"standard","meta":[],"categories":[6],"tags":[],"class_list":["post-26519","post","type-post","status-publish","format-standard","has-post-thumbnail","hentry","category-actualites-es","category-6","description-off"],"yoast_head":"<!-- This site is optimized with the Yoast SEO plugin v24.0 - https:\/\/yoast.com\/wordpress\/plugins\/seo\/ -->\n<title>La cosecha de 2013 del Cru Lamouroux - Cru Lamouroux<\/title>\n<meta name=\"robots\" content=\"index, follow, max-snippet:-1, max-image-preview:large, max-video-preview:-1\" \/>\n<link rel=\"canonical\" href=\"https:\/\/www.crulamouroux.com\/es\/des-nouvelles-de-cru-lamouroux\/\" \/>\n<meta property=\"og:locale\" content=\"es_ES\" \/>\n<meta property=\"og:type\" content=\"article\" \/>\n<meta property=\"og:title\" content=\"La cosecha de 2013 del Cru Lamouroux - Cru Lamouroux\" \/>\n<meta property=\"og:description\" content=\"[vc_column_text]En los a\u00f1os \u201cnormales\u201d, las uvas para la elaboraci\u00f3n del Juran\u00e7on Seco, son cosechadas en plena madurez, alrededor del 30 de octubre; mientras que las vendimias para el Juran\u00e7on Dulce, empezan despu\u00e9s del 15 de noviembre, y a veces se acaban por las Navidades. En 2013, despu\u00e9s de una primavera fr\u00eda y lluviosa, la totalidad&hellip;\" \/>\n<meta property=\"og:url\" content=\"https:\/\/www.crulamouroux.com\/es\/des-nouvelles-de-cru-lamouroux\/\" \/>\n<meta property=\"og:site_name\" content=\"Cru Lamouroux\" \/>\n<meta property=\"article:publisher\" content=\"https:\/\/www.facebook.com\/jurancon.crulamouroux\" \/>\n<meta property=\"article:published_time\" content=\"2014-09-20T16:52:08+00:00\" \/>\n<meta property=\"article:modified_time\" content=\"2015-03-11T10:34:12+00:00\" \/>\n<meta property=\"og:image\" content=\"https:\/\/www.crulamouroux.com\/wp-content\/uploads\/2014\/08\/vignes.jpg\" \/>\n\t<meta property=\"og:image:width\" content=\"1600\" \/>\n\t<meta property=\"og:image:height\" content=\"1074\" \/>\n\t<meta property=\"og:image:type\" content=\"image\/jpeg\" \/>\n<meta name=\"author\" content=\"ziemek pierreyves\" \/>\n<meta name=\"twitter:card\" content=\"summary_large_image\" \/>\n<meta name=\"twitter:creator\" content=\"@CruLamouroux\" \/>\n<meta name=\"twitter:site\" content=\"@CruLamouroux\" \/>\n<meta name=\"twitter:label1\" content=\"Escrito por\" \/>\n\t<meta name=\"twitter:data1\" content=\"ziemek pierreyves\" \/>\n\t<meta name=\"twitter:label2\" content=\"Tiempo de lectura\" \/>\n\t<meta name=\"twitter:data2\" content=\"1 minuto\" \/>\n<script type=\"application\/ld+json\" class=\"yoast-schema-graph\">{\"@context\":\"https:\/\/schema.org\",\"@graph\":[{\"@type\":\"WebPage\",\"@id\":\"https:\/\/www.crulamouroux.com\/es\/des-nouvelles-de-cru-lamouroux\/\",\"url\":\"https:\/\/www.crulamouroux.com\/es\/des-nouvelles-de-cru-lamouroux\/\",\"name\":\"La cosecha de 2013 del Cru Lamouroux - Cru Lamouroux\",\"isPartOf\":{\"@id\":\"https:\/\/www.crulamouroux.com\/#website\"},\"primaryImageOfPage\":{\"@id\":\"https:\/\/www.crulamouroux.com\/es\/des-nouvelles-de-cru-lamouroux\/#primaryimage\"},\"image\":{\"@id\":\"https:\/\/www.crulamouroux.com\/es\/des-nouvelles-de-cru-lamouroux\/#primaryimage\"},\"thumbnailUrl\":\"https:\/\/www.crulamouroux.com\/wp-content\/uploads\/2014\/08\/vignes.jpg\",\"datePublished\":\"2014-09-20T16:52:08+00:00\",\"dateModified\":\"2015-03-11T10:34:12+00:00\",\"author\":{\"@id\":\"https:\/\/www.crulamouroux.com\/#\/schema\/person\/13bbc4ed8b14a48bcc5fb030129c42d7\"},\"breadcrumb\":{\"@id\":\"https:\/\/www.crulamouroux.com\/es\/des-nouvelles-de-cru-lamouroux\/#breadcrumb\"},\"inLanguage\":\"es\",\"potentialAction\":[{\"@type\":\"ReadAction\",\"target\":[\"https:\/\/www.crulamouroux.com\/es\/des-nouvelles-de-cru-lamouroux\/\"]}]},{\"@type\":\"ImageObject\",\"inLanguage\":\"es\",\"@id\":\"https:\/\/www.crulamouroux.com\/es\/des-nouvelles-de-cru-lamouroux\/#primaryimage\",\"url\":\"https:\/\/www.crulamouroux.com\/wp-content\/uploads\/2014\/08\/vignes.jpg\",\"contentUrl\":\"https:\/\/www.crulamouroux.com\/wp-content\/uploads\/2014\/08\/vignes.jpg\",\"width\":1600,\"height\":1074,\"caption\":\"vignes\"},{\"@type\":\"BreadcrumbList\",\"@id\":\"https:\/\/www.crulamouroux.com\/es\/des-nouvelles-de-cru-lamouroux\/#breadcrumb\",\"itemListElement\":[{\"@type\":\"ListItem\",\"position\":1,\"name\":\"Accueil\",\"item\":\"https:\/\/www.crulamouroux.com\/es\/\"},{\"@type\":\"ListItem\",\"position\":2,\"name\":\"La cosecha de 2013 del Cru Lamouroux\"}]},{\"@type\":\"WebSite\",\"@id\":\"https:\/\/www.crulamouroux.com\/#website\",\"url\":\"https:\/\/www.crulamouroux.com\/\",\"name\":\"Cru Lamouroux\",\"description\":\"Appellation Juran\u00e7on Contr\u00f4l\u00e9e\",\"potentialAction\":[{\"@type\":\"SearchAction\",\"target\":{\"@type\":\"EntryPoint\",\"urlTemplate\":\"https:\/\/www.crulamouroux.com\/?s={search_term_string}\"},\"query-input\":{\"@type\":\"PropertyValueSpecification\",\"valueRequired\":true,\"valueName\":\"search_term_string\"}}],\"inLanguage\":\"es\"},{\"@type\":\"Person\",\"@id\":\"https:\/\/www.crulamouroux.com\/#\/schema\/person\/13bbc4ed8b14a48bcc5fb030129c42d7\",\"name\":\"ziemek pierreyves\",\"image\":{\"@type\":\"ImageObject\",\"inLanguage\":\"es\",\"@id\":\"https:\/\/www.crulamouroux.com\/#\/schema\/person\/image\/\",\"url\":\"https:\/\/secure.gravatar.com\/avatar\/d418faa4056c25da1a8fb3688900cbbeea7b1c42336f51f71d161b8fb35bb9ff?s=96&d=mm&r=g\",\"contentUrl\":\"https:\/\/secure.gravatar.com\/avatar\/d418faa4056c25da1a8fb3688900cbbeea7b1c42336f51f71d161b8fb35bb9ff?s=96&d=mm&r=g\",\"caption\":\"ziemek pierreyves\"},\"url\":\"https:\/\/www.crulamouroux.com\/es\/author\/pyzlamouroux-fr\/\"}]}<\/script>\n<!-- \/ Yoast SEO plugin. -->","yoast_head_json":{"title":"La cosecha de 2013 del Cru Lamouroux - Cru Lamouroux","robots":{"index":"index","follow":"follow","max-snippet":"max-snippet:-1","max-image-preview":"max-image-preview:large","max-video-preview":"max-video-preview:-1"},"canonical":"https:\/\/www.crulamouroux.com\/es\/des-nouvelles-de-cru-lamouroux\/","og_locale":"es_ES","og_type":"article","og_title":"La cosecha de 2013 del Cru Lamouroux - Cru Lamouroux","og_description":"[vc_column_text]En los a\u00f1os \u201cnormales\u201d, las uvas para la elaboraci\u00f3n del Juran\u00e7on Seco, son cosechadas en plena madurez, alrededor del 30 de octubre; mientras que las vendimias para el Juran\u00e7on Dulce, empezan despu\u00e9s del 15 de noviembre, y a veces se acaban por las Navidades. En 2013, despu\u00e9s de una primavera fr\u00eda y lluviosa, la totalidad&hellip;","og_url":"https:\/\/www.crulamouroux.com\/es\/des-nouvelles-de-cru-lamouroux\/","og_site_name":"Cru Lamouroux","article_publisher":"https:\/\/www.facebook.com\/jurancon.crulamouroux","article_published_time":"2014-09-20T16:52:08+00:00","article_modified_time":"2015-03-11T10:34:12+00:00","og_image":[{"width":1600,"height":1074,"url":"https:\/\/www.crulamouroux.com\/wp-content\/uploads\/2014\/08\/vignes.jpg","type":"image\/jpeg"}],"author":"ziemek pierreyves","twitter_card":"summary_large_image","twitter_creator":"@CruLamouroux","twitter_site":"@CruLamouroux","twitter_misc":{"Escrito por":"ziemek pierreyves","Tiempo de lectura":"1 minuto"},"schema":{"@context":"https:\/\/schema.org","@graph":[{"@type":"WebPage","@id":"https:\/\/www.crulamouroux.com\/es\/des-nouvelles-de-cru-lamouroux\/","url":"https:\/\/www.crulamouroux.com\/es\/des-nouvelles-de-cru-lamouroux\/","name":"La cosecha de 2013 del Cru Lamouroux - Cru Lamouroux","isPartOf":{"@id":"https:\/\/www.crulamouroux.com\/#website"},"primaryImageOfPage":{"@id":"https:\/\/www.crulamouroux.com\/es\/des-nouvelles-de-cru-lamouroux\/#primaryimage"},"image":{"@id":"https:\/\/www.crulamouroux.com\/es\/des-nouvelles-de-cru-lamouroux\/#primaryimage"},"thumbnailUrl":"https:\/\/www.crulamouroux.com\/wp-content\/uploads\/2014\/08\/vignes.jpg","datePublished":"2014-09-20T16:52:08+00:00","dateModified":"2015-03-11T10:34:12+00:00","author":{"@id":"https:\/\/www.crulamouroux.com\/#\/schema\/person\/13bbc4ed8b14a48bcc5fb030129c42d7"},"breadcrumb":{"@id":"https:\/\/www.crulamouroux.com\/es\/des-nouvelles-de-cru-lamouroux\/#breadcrumb"},"inLanguage":"es","potentialAction":[{"@type":"ReadAction","target":["https:\/\/www.crulamouroux.com\/es\/des-nouvelles-de-cru-lamouroux\/"]}]},{"@type":"ImageObject","inLanguage":"es","@id":"https:\/\/www.crulamouroux.com\/es\/des-nouvelles-de-cru-lamouroux\/#primaryimage","url":"https:\/\/www.crulamouroux.com\/wp-content\/uploads\/2014\/08\/vignes.jpg","contentUrl":"https:\/\/www.crulamouroux.com\/wp-content\/uploads\/2014\/08\/vignes.jpg","width":1600,"height":1074,"caption":"vignes"},{"@type":"BreadcrumbList","@id":"https:\/\/www.crulamouroux.com\/es\/des-nouvelles-de-cru-lamouroux\/#breadcrumb","itemListElement":[{"@type":"ListItem","position":1,"name":"Accueil","item":"https:\/\/www.crulamouroux.com\/es\/"},{"@type":"ListItem","position":2,"name":"La cosecha de 2013 del Cru Lamouroux"}]},{"@type":"WebSite","@id":"https:\/\/www.crulamouroux.com\/#website","url":"https:\/\/www.crulamouroux.com\/","name":"Cru Lamouroux","description":"Appellation Juran\u00e7on Contr\u00f4l\u00e9e","potentialAction":[{"@type":"SearchAction","target":{"@type":"EntryPoint","urlTemplate":"https:\/\/www.crulamouroux.com\/?s={search_term_string}"},"query-input":{"@type":"PropertyValueSpecification","valueRequired":true,"valueName":"search_term_string"}}],"inLanguage":"es"},{"@type":"Person","@id":"https:\/\/www.crulamouroux.com\/#\/schema\/person\/13bbc4ed8b14a48bcc5fb030129c42d7","name":"ziemek pierreyves","image":{"@type":"ImageObject","inLanguage":"es","@id":"https:\/\/www.crulamouroux.com\/#\/schema\/person\/image\/","url":"https:\/\/secure.gravatar.com\/avatar\/d418faa4056c25da1a8fb3688900cbbeea7b1c42336f51f71d161b8fb35bb9ff?s=96&d=mm&r=g","contentUrl":"https:\/\/secure.gravatar.com\/avatar\/d418faa4056c25da1a8fb3688900cbbeea7b1c42336f51f71d161b8fb35bb9ff?s=96&d=mm&r=g","caption":"ziemek pierreyves"},"url":"https:\/\/www.crulamouroux.com\/es\/author\/pyzlamouroux-fr\/"}]}},"_links":{"self":[{"href":"https:\/\/www.crulamouroux.com\/es\/wp-json\/wp\/v2\/posts\/26519","targetHints":{"allow":["GET"]}}],"collection":[{"href":"https:\/\/www.crulamouroux.com\/es\/wp-json\/wp\/v2\/posts"}],"about":[{"href":"https:\/\/www.crulamouroux.com\/es\/wp-json\/wp\/v2\/types\/post"}],"author":[{"embeddable":true,"href":"https:\/\/www.crulamouroux.com\/es\/wp-json\/wp\/v2\/users\/2"}],"replies":[{"embeddable":true,"href":"https:\/\/www.crulamouroux.com\/es\/wp-json\/wp\/v2\/comments?post=26519"}],"version-history":[{"count":6,"href":"https:\/\/www.crulamouroux.com\/es\/wp-json\/wp\/v2\/posts\/26519\/revisions"}],"predecessor-version":[{"id":26525,"href":"https:\/\/www.crulamouroux.com\/es\/wp-json\/wp\/v2\/posts\/26519\/revisions\/26525"}],"wp:featuredmedia":[{"embeddable":true,"href":"https:\/\/www.crulamouroux.com\/es\/wp-json\/wp\/v2\/media\/96"}],"wp:attachment":[{"href":"https:\/\/www.crulamouroux.com\/es\/wp-json\/wp\/v2\/media?parent=26519"}],"wp:term":[{"taxonomy":"category","embeddable":true,"href":"https:\/\/www.crulamouroux.com\/es\/wp-json\/wp\/v2\/categories?post=26519"},{"taxonomy":"post_tag","embeddable":true,"href":"https:\/\/www.crulamouroux.com\/es\/wp-json\/wp\/v2\/tags?post=26519"}],"curies":[{"name":"wp","href":"https:\/\/api.w.org\/{rel}","templated":true}]}}