{"id":3284,"date":"2014-10-04T20:41:38","date_gmt":"2014-10-04T19:41:38","guid":{"rendered":"https:\/\/www.crulamouroux.com\/?p=3284"},"modified":"2014-10-21T19:16:34","modified_gmt":"2014-10-21T18:16:34","slug":"first-impression-of-the-2014-open-days-2","status":"publish","type":"post","link":"https:\/\/www.crulamouroux.com\/en\/first-impression-of-the-2014-open-days-2\/","title":{"rendered":"A first impression of the 2014 Open Days !"},"content":{"rendered":"<p>Like every year, the Cru Lamouroux&#8217;s open days will take place on <strong>December, the 14th , 2014<\/strong>, together with many other wine growing areas of the Designation.<\/p>\n<p>During this day, you will have the possibility to taste our different wines, and discover the regional flavours. In November, on the social networks, we&#8217;ll tell you about the different events of this day.<\/p>\n","protected":false},"excerpt":{"rendered":"<p>Like every year, the Cru Lamouroux&#8217;s open days will take place on December, the 14th , 2014, together with many other wine growing areas of the Designation. During this day, you will have the possibility to taste our different wines, and discover the regional flavours. In November, on the social networks, we&#8217;ll tell you about&hellip;<\/p>\n","protected":false},"author":2,"featured_media":645,"comment_status":"open","ping_status":"open","sticky":false,"template":"","format":"standard","meta":[],"categories":[5],"tags":[],"class_list":["post-3284","post","type-post","status-publish","format-standard","has-post-thumbnail","hentry","category-actualites-en","category-5","description-off"],"yoast_head":"<!-- This site is optimized with the Yoast SEO plugin v24.0 - https:\/\/yoast.com\/wordpress\/plugins\/seo\/ -->\n<title>A first impression of the 2014 Open Days ! - Cru Lamouroux<\/title>\n<meta name=\"robots\" content=\"index, follow, max-snippet:-1, max-image-preview:large, max-video-preview:-1\" \/>\n<link rel=\"canonical\" href=\"https:\/\/www.crulamouroux.com\/en\/first-impression-of-the-2014-open-days-2\/\" \/>\n<meta property=\"og:locale\" content=\"en_US\" \/>\n<meta property=\"og:type\" content=\"article\" \/>\n<meta property=\"og:title\" content=\"A first impression of the 2014 Open Days ! - Cru Lamouroux\" \/>\n<meta property=\"og:description\" content=\"Like every year, the Cru Lamouroux&#8217;s open days will take place on December, the 14th , 2014, together with many other wine growing areas of the Designation. During this day, you will have the possibility to taste our different wines, and discover the regional flavours. In November, on the social networks, we&#8217;ll tell you about&hellip;\" \/>\n<meta property=\"og:url\" content=\"https:\/\/www.crulamouroux.com\/en\/first-impression-of-the-2014-open-days-2\/\" \/>\n<meta property=\"og:site_name\" content=\"Cru Lamouroux\" \/>\n<meta property=\"article:publisher\" content=\"https:\/\/www.facebook.com\/jurancon.crulamouroux\" \/>\n<meta property=\"article:published_time\" content=\"2014-10-04T19:41:38+00:00\" \/>\n<meta property=\"article:modified_time\" content=\"2014-10-21T18:16:34+00:00\" \/>\n<meta property=\"og:image\" content=\"https:\/\/www.crulamouroux.com\/wp-content\/uploads\/2014\/08\/DSC_3316.jpg\" \/>\n\t<meta property=\"og:image:width\" content=\"1024\" \/>\n\t<meta property=\"og:image:height\" content=\"753\" \/>\n\t<meta property=\"og:image:type\" content=\"image\/jpeg\" \/>\n<meta name=\"author\" content=\"ziemek pierreyves\" \/>\n<meta name=\"twitter:card\" content=\"summary_large_image\" \/>\n<meta name=\"twitter:creator\" content=\"@CruLamouroux\" \/>\n<meta name=\"twitter:site\" content=\"@CruLamouroux\" \/>\n<meta name=\"twitter:label1\" content=\"Written by\" \/>\n\t<meta name=\"twitter:data1\" content=\"ziemek pierreyves\" \/>\n<script type=\"application\/ld+json\" class=\"yoast-schema-graph\">{\"@context\":\"https:\/\/schema.org\",\"@graph\":[{\"@type\":\"WebPage\",\"@id\":\"https:\/\/www.crulamouroux.com\/en\/first-impression-of-the-2014-open-days-2\/\",\"url\":\"https:\/\/www.crulamouroux.com\/en\/first-impression-of-the-2014-open-days-2\/\",\"name\":\"A first impression of the 2014 Open Days ! - Cru Lamouroux\",\"isPartOf\":{\"@id\":\"https:\/\/www.crulamouroux.com\/#website\"},\"primaryImageOfPage\":{\"@id\":\"https:\/\/www.crulamouroux.com\/en\/first-impression-of-the-2014-open-days-2\/#primaryimage\"},\"image\":{\"@id\":\"https:\/\/www.crulamouroux.com\/en\/first-impression-of-the-2014-open-days-2\/#primaryimage\"},\"thumbnailUrl\":\"https:\/\/www.crulamouroux.com\/wp-content\/uploads\/2014\/08\/DSC_3316.jpg\",\"datePublished\":\"2014-10-04T19:41:38+00:00\",\"dateModified\":\"2014-10-21T18:16:34+00:00\",\"author\":{\"@id\":\"https:\/\/www.crulamouroux.com\/#\/schema\/person\/13bbc4ed8b14a48bcc5fb030129c42d7\"},\"breadcrumb\":{\"@id\":\"https:\/\/www.crulamouroux.com\/en\/first-impression-of-the-2014-open-days-2\/#breadcrumb\"},\"inLanguage\":\"en-US\",\"potentialAction\":[{\"@type\":\"ReadAction\",\"target\":[\"https:\/\/www.crulamouroux.com\/en\/first-impression-of-the-2014-open-days-2\/\"]}]},{\"@type\":\"ImageObject\",\"inLanguage\":\"en-US\",\"@id\":\"https:\/\/www.crulamouroux.com\/en\/first-impression-of-the-2014-open-days-2\/#primaryimage\",\"url\":\"https:\/\/www.crulamouroux.com\/wp-content\/uploads\/2014\/08\/DSC_3316.jpg\",\"contentUrl\":\"https:\/\/www.crulamouroux.com\/wp-content\/uploads\/2014\/08\/DSC_3316.jpg\",\"width\":1024,\"height\":753,\"caption\":\"Portes ouvertes 2013 - Cru Lamouroux - Juran\u00e7on\"},{\"@type\":\"BreadcrumbList\",\"@id\":\"https:\/\/www.crulamouroux.com\/en\/first-impression-of-the-2014-open-days-2\/#breadcrumb\",\"itemListElement\":[{\"@type\":\"ListItem\",\"position\":1,\"name\":\"Accueil\",\"item\":\"https:\/\/www.crulamouroux.com\/en\/\"},{\"@type\":\"ListItem\",\"position\":2,\"name\":\"A first impression of the 2014 Open Days !\"}]},{\"@type\":\"WebSite\",\"@id\":\"https:\/\/www.crulamouroux.com\/#website\",\"url\":\"https:\/\/www.crulamouroux.com\/\",\"name\":\"Cru Lamouroux\",\"description\":\"Appellation Juran\u00e7on Contr\u00f4l\u00e9e\",\"potentialAction\":[{\"@type\":\"SearchAction\",\"target\":{\"@type\":\"EntryPoint\",\"urlTemplate\":\"https:\/\/www.crulamouroux.com\/?s={search_term_string}\"},\"query-input\":{\"@type\":\"PropertyValueSpecification\",\"valueRequired\":true,\"valueName\":\"search_term_string\"}}],\"inLanguage\":\"en-US\"},{\"@type\":\"Person\",\"@id\":\"https:\/\/www.crulamouroux.com\/#\/schema\/person\/13bbc4ed8b14a48bcc5fb030129c42d7\",\"name\":\"ziemek pierreyves\",\"image\":{\"@type\":\"ImageObject\",\"inLanguage\":\"en-US\",\"@id\":\"https:\/\/www.crulamouroux.com\/#\/schema\/person\/image\/\",\"url\":\"https:\/\/secure.gravatar.com\/avatar\/d418faa4056c25da1a8fb3688900cbbeea7b1c42336f51f71d161b8fb35bb9ff?s=96&d=mm&r=g\",\"contentUrl\":\"https:\/\/secure.gravatar.com\/avatar\/d418faa4056c25da1a8fb3688900cbbeea7b1c42336f51f71d161b8fb35bb9ff?s=96&d=mm&r=g\",\"caption\":\"ziemek pierreyves\"},\"url\":\"https:\/\/www.crulamouroux.com\/en\/author\/pyzlamouroux-fr\/\"}]}<\/script>\n<!-- \/ Yoast SEO plugin. -->","yoast_head_json":{"title":"A first impression of the 2014 Open Days ! - Cru Lamouroux","robots":{"index":"index","follow":"follow","max-snippet":"max-snippet:-1","max-image-preview":"max-image-preview:large","max-video-preview":"max-video-preview:-1"},"canonical":"https:\/\/www.crulamouroux.com\/en\/first-impression-of-the-2014-open-days-2\/","og_locale":"en_US","og_type":"article","og_title":"A first impression of the 2014 Open Days ! - Cru Lamouroux","og_description":"Like every year, the Cru Lamouroux&#8217;s open days will take place on December, the 14th , 2014, together with many other wine growing areas of the Designation. During this day, you will have the possibility to taste our different wines, and discover the regional flavours. In November, on the social networks, we&#8217;ll tell you about&hellip;","og_url":"https:\/\/www.crulamouroux.com\/en\/first-impression-of-the-2014-open-days-2\/","og_site_name":"Cru Lamouroux","article_publisher":"https:\/\/www.facebook.com\/jurancon.crulamouroux","article_published_time":"2014-10-04T19:41:38+00:00","article_modified_time":"2014-10-21T18:16:34+00:00","og_image":[{"width":1024,"height":753,"url":"https:\/\/www.crulamouroux.com\/wp-content\/uploads\/2014\/08\/DSC_3316.jpg","type":"image\/jpeg"}],"author":"ziemek pierreyves","twitter_card":"summary_large_image","twitter_creator":"@CruLamouroux","twitter_site":"@CruLamouroux","twitter_misc":{"Written by":"ziemek pierreyves"},"schema":{"@context":"https:\/\/schema.org","@graph":[{"@type":"WebPage","@id":"https:\/\/www.crulamouroux.com\/en\/first-impression-of-the-2014-open-days-2\/","url":"https:\/\/www.crulamouroux.com\/en\/first-impression-of-the-2014-open-days-2\/","name":"A first impression of the 2014 Open Days ! - Cru Lamouroux","isPartOf":{"@id":"https:\/\/www.crulamouroux.com\/#website"},"primaryImageOfPage":{"@id":"https:\/\/www.crulamouroux.com\/en\/first-impression-of-the-2014-open-days-2\/#primaryimage"},"image":{"@id":"https:\/\/www.crulamouroux.com\/en\/first-impression-of-the-2014-open-days-2\/#primaryimage"},"thumbnailUrl":"https:\/\/www.crulamouroux.com\/wp-content\/uploads\/2014\/08\/DSC_3316.jpg","datePublished":"2014-10-04T19:41:38+00:00","dateModified":"2014-10-21T18:16:34+00:00","author":{"@id":"https:\/\/www.crulamouroux.com\/#\/schema\/person\/13bbc4ed8b14a48bcc5fb030129c42d7"},"breadcrumb":{"@id":"https:\/\/www.crulamouroux.com\/en\/first-impression-of-the-2014-open-days-2\/#breadcrumb"},"inLanguage":"en-US","potentialAction":[{"@type":"ReadAction","target":["https:\/\/www.crulamouroux.com\/en\/first-impression-of-the-2014-open-days-2\/"]}]},{"@type":"ImageObject","inLanguage":"en-US","@id":"https:\/\/www.crulamouroux.com\/en\/first-impression-of-the-2014-open-days-2\/#primaryimage","url":"https:\/\/www.crulamouroux.com\/wp-content\/uploads\/2014\/08\/DSC_3316.jpg","contentUrl":"https:\/\/www.crulamouroux.com\/wp-content\/uploads\/2014\/08\/DSC_3316.jpg","width":1024,"height":753,"caption":"Portes ouvertes 2013 - Cru Lamouroux - Juran\u00e7on"},{"@type":"BreadcrumbList","@id":"https:\/\/www.crulamouroux.com\/en\/first-impression-of-the-2014-open-days-2\/#breadcrumb","itemListElement":[{"@type":"ListItem","position":1,"name":"Accueil","item":"https:\/\/www.crulamouroux.com\/en\/"},{"@type":"ListItem","position":2,"name":"A first impression of the 2014 Open Days !"}]},{"@type":"WebSite","@id":"https:\/\/www.crulamouroux.com\/#website","url":"https:\/\/www.crulamouroux.com\/","name":"Cru Lamouroux","description":"Appellation Juran\u00e7on Contr\u00f4l\u00e9e","potentialAction":[{"@type":"SearchAction","target":{"@type":"EntryPoint","urlTemplate":"https:\/\/www.crulamouroux.com\/?s={search_term_string}"},"query-input":{"@type":"PropertyValueSpecification","valueRequired":true,"valueName":"search_term_string"}}],"inLanguage":"en-US"},{"@type":"Person","@id":"https:\/\/www.crulamouroux.com\/#\/schema\/person\/13bbc4ed8b14a48bcc5fb030129c42d7","name":"ziemek pierreyves","image":{"@type":"ImageObject","inLanguage":"en-US","@id":"https:\/\/www.crulamouroux.com\/#\/schema\/person\/image\/","url":"https:\/\/secure.gravatar.com\/avatar\/d418faa4056c25da1a8fb3688900cbbeea7b1c42336f51f71d161b8fb35bb9ff?s=96&d=mm&r=g","contentUrl":"https:\/\/secure.gravatar.com\/avatar\/d418faa4056c25da1a8fb3688900cbbeea7b1c42336f51f71d161b8fb35bb9ff?s=96&d=mm&r=g","caption":"ziemek pierreyves"},"url":"https:\/\/www.crulamouroux.com\/en\/author\/pyzlamouroux-fr\/"}]}},"_links":{"self":[{"href":"https:\/\/www.crulamouroux.com\/en\/wp-json\/wp\/v2\/posts\/3284","targetHints":{"allow":["GET"]}}],"collection":[{"href":"https:\/\/www.crulamouroux.com\/en\/wp-json\/wp\/v2\/posts"}],"about":[{"href":"https:\/\/www.crulamouroux.com\/en\/wp-json\/wp\/v2\/types\/post"}],"author":[{"embeddable":true,"href":"https:\/\/www.crulamouroux.com\/en\/wp-json\/wp\/v2\/users\/2"}],"replies":[{"embeddable":true,"href":"https:\/\/www.crulamouroux.com\/en\/wp-json\/wp\/v2\/comments?post=3284"}],"version-history":[{"count":2,"href":"https:\/\/www.crulamouroux.com\/en\/wp-json\/wp\/v2\/posts\/3284\/revisions"}],"predecessor-version":[{"id":3309,"href":"https:\/\/www.crulamouroux.com\/en\/wp-json\/wp\/v2\/posts\/3284\/revisions\/3309"}],"wp:featuredmedia":[{"embeddable":true,"href":"https:\/\/www.crulamouroux.com\/en\/wp-json\/wp\/v2\/media\/645"}],"wp:attachment":[{"href":"https:\/\/www.crulamouroux.com\/en\/wp-json\/wp\/v2\/media?parent=3284"}],"wp:term":[{"taxonomy":"category","embeddable":true,"href":"https:\/\/www.crulamouroux.com\/en\/wp-json\/wp\/v2\/categories?post=3284"},{"taxonomy":"post_tag","embeddable":true,"href":"https:\/\/www.crulamouroux.com\/en\/wp-json\/wp\/v2\/tags?post=3284"}],"curies":[{"name":"wp","href":"https:\/\/api.w.org\/{rel}","templated":true}]}}